{"id":107,"date":"2018-10-22T18:02:27","date_gmt":"2018-10-22T21:02:27","guid":{"rendered":"http:\/\/vansexpress.com.br\/blog\/?p=107"},"modified":"2018-10-22T18:02:27","modified_gmt":"2018-10-22T21:02:27","slug":"ingressos-para-o-lollapalooza-2019-comecam-a-ser-vendidos-em-24-de-setembro-saiba-tudo","status":"publish","type":"post","link":"https:\/\/vansexpress.com.br\/blog\/2018\/10\/22\/ingressos-para-o-lollapalooza-2019-comecam-a-ser-vendidos-em-24-de-setembro-saiba-tudo\/","title":{"rendered":"Ingressos para o Lollapalooza 2019 come\u00e7am a ser vendidos em 24 de setembro; saiba tudo!"},"content":{"rendered":"<p>A oitava edi\u00e7\u00e3o do\u00a0<strong>Lollapalooza Brasil<\/strong>\u00a0acontece em S\u00e3o Paulo nos dias\u00a0<strong>5, 6 e 7 de abril de 2019<\/strong>, no\u00a0<strong>Aut\u00f3dromo de Interlagos<\/strong>, local das \u00faltimas edi\u00e7\u00f5es. Os valores dos\u00a0primeiros ingressos foram anunciados no dia 18 de setembro e variam entre\u00a0<strong>R$400,00<\/strong>\u00a0e\u00a0<strong>R$1560,00<\/strong>, dependendo do tipo de entrada escolhida.<\/p>\n<p>Fonte: https:\/\/www.guiadasemana.com.br\/shows\/noticia\/ingressos-para-o-lollapalooza-2019-comecam-a-ser-vendidos-em-<\/p>\n<p>setembro<\/p>\n<p>&nbsp;<\/p>\n<p>Fazer\u00a0<a href=\"https:\/\/vansexpress.com.br\/orcamento\">Or\u00e7amento<\/a>.<\/p>\n","protected":false},"excerpt":{"rendered":"<div class=\"slide-text-bg2\"><span>A oitava edi\u00e7\u00e3o do\u00a0Lollapalooza Brasil\u00a0acontece em S\u00e3o Paulo nos dias\u00a05, 6 e 7 de abril de 2019, no\u00a0Aut\u00f3dromo de Interlagos, local das \u00faltimas edi<\/span><\/div>\n<div class=\"slide-btn-area-sm\"><a href=\"https:\/\/vansexpress.com.br\/blog\/2018\/10\/22\/ingressos-para-o-lollapalooza-2019-comecam-a-ser-vendidos-em-24-de-setembro-saiba-tudo\/\" class=\"slide-btn-sm\">Ler mais<\/a><\/div>\n","protected":false},"author":1,"featured_media":110,"comment_status":"open","ping_status":"open","sticky":false,"template":"","format":"standard","meta":{"jetpack_post_was_ever_published":false,"jetpack_publicize_message":"","jetpack_is_tweetstorm":false,"jetpack_publicize_feature_enabled":true},"categories":[5],"tags":[],"jetpack_publicize_connections":[],"jetpack_featured_media_url":"https:\/\/i0.wp.com\/vansexpress.com.br\/blog\/wp-content\/uploads\/2018\/10\/lollapalooza.jpg?fit=1000%2C1000&ssl=1","jetpack_sharing_enabled":true,"jetpack_shortlink":"https:\/\/wp.me\/palwHU-1J","jetpack-related-posts":[{"id":65,"url":"https:\/\/vansexpress.com.br\/blog\/2018\/09\/27\/andrea-bocelli\/","url_meta":{"origin":107,"position":0},"title":"Andrea Bocelli","date":"27 de setembro de 2018","format":false,"excerpt":"Andrea Bocelli Andrea Bocelli inclui o Brasil em sua turn\u00ea de 2018, e celebrar\u00e1 60 anos de vida com seus f\u00e3s brasileiros. Os ingressos para as apresenta\u00e7\u00f5es em S\u00e3o Paulo, no\u00a0Allianz Parque em\u00a029 e 30 de setembro, j\u00e1 est\u00e3o \u00e0 venda. Apresenta\u00e7\u00f5es em Porto Alegre no dia 23 de setembro\u2026","rel":"","context":"Em &quot;Shows em S\u00e3o Paulo&quot;","img":{"alt_text":"","src":"https:\/\/i0.wp.com\/vansexpress.com.br\/blog\/wp-content\/uploads\/2018\/09\/destaque_306_BBwSNAwvml4a_original.png?fit=552%2C410&ssl=1&resize=350%2C200","width":350,"height":200},"classes":[]},{"id":136,"url":"https:\/\/vansexpress.com.br\/blog\/2018\/11\/22\/ed-sheeran-no-brasil-em-2019\/","url_meta":{"origin":107,"position":1},"title":"Ed Sheeran no Brasil em 2019","date":"22 de novembro de 2018","format":false,"excerpt":"Uma das maiores vozes do pop internacional vem ao Brasil para dois shows em fevereiro de 2019. O primeiro deles acontece em\u00a0S\u00e3o Paulo\u00a0nos dias\u00a013 e\u00a014 de fevereiro, quarta e quinta-feira, no\u00a0Allianz Parque, enquanto o segundo acontece em\u00a0Porto Alegre, no dia\u00a017 de fevereiro, na\u00a0Arena Gr\u00eamio. A apresenta\u00e7\u00e3o faz parte da turn\u00ea\u2026","rel":"","context":"Em &quot;Shows em S\u00e3o Paulo&quot;","img":{"alt_text":"","src":"https:\/\/i0.wp.com\/vansexpress.com.br\/blog\/wp-content\/uploads\/2018\/11\/blog.jpg?fit=1000%2C1000&ssl=1&resize=350%2C200","width":350,"height":200},"classes":[]},{"id":124,"url":"https:\/\/vansexpress.com.br\/blog\/2018\/11\/06\/ingressos-acabando-para-o-gp-brasil-de-formula-1\/","url_meta":{"origin":107,"position":2},"title":"INGRESSOS ACABANDO PARA O GP BRASIL DE F\u00d3RMULA 1","date":"6 de novembro de 2018","format":false,"excerpt":"Depois do Setor \u201cM\u201d, agora \u00e9 a vez da arquibancada \u201cA\u201d esgotar os ingressos para o Formula 1 Grande Pr\u00eamio Heineken do Brasil 2018, em Interlagos. E a venda dos demais setores cresceu muito nos \u00faltimos dias. A organiza\u00e7\u00e3o recomenda aten\u00e7\u00e3o sobre a documenta\u00e7\u00e3o necess\u00e1ria para a compra de meia-entrada\u2026","rel":"","context":"Em &quot;Feiras e Eventos&quot;","img":{"alt_text":"","src":"https:\/\/i0.wp.com\/vansexpress.com.br\/blog\/wp-content\/uploads\/2018\/11\/setor-a-fotobeto-issa-102-11-2018_14-45-421.jpg?fit=1000%2C1000&ssl=1&resize=350%2C200","width":350,"height":200},"classes":[]},{"id":88,"url":"https:\/\/vansexpress.com.br\/blog\/2018\/10\/08\/sao-paulo-oktoberfest-2018\/","url_meta":{"origin":107,"position":3},"title":"S\u00e3o Paulo Oktoberfest 2018","date":"8 de outubro de 2018","format":false,"excerpt":"De\u00a028 de setembro a 14 de outubro, o\u00a0Pavilh\u00e3o do Anhembi\u00a0recebe a\u00a0Oktoberfest Fest S\u00e3o Paulo 2018, segunda edi\u00e7\u00e3o paulistana do evento que conquistou o p\u00fablico cervejeiro. Ser\u00e3o mais 70 op\u00e7\u00f5es de cervejas artesanais e mais de 60 op\u00e7\u00f5es gastron\u00f4micas para todos os gostos. Pre\u00e7o\u00a0R$22.00 a R$75.00 Data\u00a028 Set-14 Out Hor\u00e1rio(s)\u00a0Quintas e\u2026","rel":"","context":"Em &quot;Feiras e Eventos&quot;","img":{"alt_text":"","src":"https:\/\/i0.wp.com\/vansexpress.com.br\/blog\/wp-content\/uploads\/2018\/10\/S\u00e3o-Paulo-Oktoberfest-2018.jpg?fit=840%2C525&ssl=1&resize=350%2C200","width":350,"height":200},"classes":[]},{"id":127,"url":"https:\/\/vansexpress.com.br\/blog\/2018\/11\/08\/descubra-as-possiveis-atracoes-do-lollapalooza-2019\/","url_meta":{"origin":107,"position":4},"title":"Descubra as poss\u00edveis atra\u00e7\u00f5es do Lollapalooza 2019","date":"8 de novembro de 2018","format":false,"excerpt":"O\u00a0Lollapalooza Brasil 2019\u00a0acontece em\u00a0S\u00e3o Paulo\u00a0nos dias\u00a05, 6 e 7 de abril\u00a0e, ainda que as atra\u00e7\u00f5es n\u00e3o tenham sido anunciadas, n\u00f3s j\u00e1 podemos apostar em alguns nomes que indicam que voc\u00ea vai ter que dar uma passada pelo\u00a0Aut\u00f3dromo de Interlagos\u00a0no ano que vem. E adiantamos que metade deles j\u00e1 seria um\u2026","rel":"","context":"Em &quot;Shows em S\u00e3o Paulo&quot;","img":{"alt_text":"","src":"https:\/\/i0.wp.com\/vansexpress.com.br\/blog\/wp-content\/uploads\/2018\/11\/vans-express-no-lollapalooza.jpg?fit=1000%2C1000&ssl=1&resize=350%2C200","width":350,"height":200},"classes":[]},{"id":139,"url":"https:\/\/vansexpress.com.br\/blog\/2018\/11\/26\/festival-prudence-fest-no-sambodromo-do-anhembi\/","url_meta":{"origin":107,"position":5},"title":"Festival Prudence Fest no Samb\u00f3dromo do Anhembi","date":"26 de novembro de 2018","format":false,"excerpt":"A\u00a0DKT International, uma organiza\u00e7\u00e3o sem fins lucrativos, promove no dia\u00a01\u00b0 de Dezembro,\u00a0Dia Mundial de Luta Contra a Aids, o\u00a0Prudence Fest, no\u00a0Samb\u00f3dromo do Anhembi. O Dia Mundial da Luta Contra a Aids \u00e9 uma data que tem como prop\u00f3sito refor\u00e7ar a solidariedade, toler\u00e3ncia e as informa\u00e7\u00f5es sobre a preven\u00e7\u00e3o a respeito\u2026","rel":"","context":"Em &quot;Shows em S\u00e3o Paulo&quot;","img":{"alt_text":"","src":"https:\/\/i0.wp.com\/vansexpress.com.br\/blog\/wp-content\/uploads\/2018\/11\/site.jpg?fit=1000%2C1000&ssl=1&resize=350%2C200","width":350,"height":200},"classes":[]}],"_links":{"self":[{"href":"https:\/\/vansexpress.com.br\/blog\/wp-json\/wp\/v2\/posts\/107"}],"collection":[{"href":"https:\/\/vansexpress.com.br\/blog\/wp-json\/wp\/v2\/posts"}],"about":[{"href":"https:\/\/vansexpress.com.br\/blog\/wp-json\/wp\/v2\/types\/post"}],"author":[{"embeddable":true,"href":"https:\/\/vansexpress.com.br\/blog\/wp-json\/wp\/v2\/users\/1"}],"replies":[{"embeddable":true,"href":"https:\/\/vansexpress.com.br\/blog\/wp-json\/wp\/v2\/comments?post=107"}],"version-history":[{"count":1,"href":"https:\/\/vansexpress.com.br\/blog\/wp-json\/wp\/v2\/posts\/107\/revisions"}],"predecessor-version":[{"id":108,"href":"https:\/\/vansexpress.com.br\/blog\/wp-json\/wp\/v2\/posts\/107\/revisions\/108"}],"wp:featuredmedia":[{"embeddable":true,"href":"https:\/\/vansexpress.com.br\/blog\/wp-json\/wp\/v2\/media\/110"}],"wp:attachment":[{"href":"https:\/\/vansexpress.com.br\/blog\/wp-json\/wp\/v2\/media?parent=107"}],"wp:term":[{"taxonomy":"category","embeddable":true,"href":"https:\/\/vansexpress.com.br\/blog\/wp-json\/wp\/v2\/categories?post=107"},{"taxonomy":"post_tag","embeddable":true,"href":"https:\/\/vansexpress.com.br\/blog\/wp-json\/wp\/v2\/tags?post=107"}],"curies":[{"name":"wp","href":"https:\/\/api.w.org\/{rel}","templated":true}]}}