{"id":124,"date":"2018-11-06T06:46:39","date_gmt":"2018-11-06T08:46:39","guid":{"rendered":"http:\/\/vansexpress.com.br\/blog\/?p=124"},"modified":"2018-11-06T06:46:39","modified_gmt":"2018-11-06T08:46:39","slug":"ingressos-acabando-para-o-gp-brasil-de-formula-1","status":"publish","type":"post","link":"https:\/\/vansexpress.com.br\/blog\/2018\/11\/06\/ingressos-acabando-para-o-gp-brasil-de-formula-1\/","title":{"rendered":"INGRESSOS ACABANDO PARA O GP BRASIL DE F\u00d3RMULA 1"},"content":{"rendered":"<p>Depois do Setor \u201cM\u201d, agora \u00e9 a vez da arquibancada \u201cA\u201d esgotar os ingressos para o Formula 1 Grande Pr\u00eamio Heineken do Brasil 2018, em Interlagos. E a venda dos demais setores cresceu muito nos \u00faltimos dias. A organiza\u00e7\u00e3o recomenda aten\u00e7\u00e3o sobre a documenta\u00e7\u00e3o necess\u00e1ria para a compra de meia-entrada (ainda dispon\u00edveis para os setores F, Q e G). As informa\u00e7\u00f5es podem ser obtidas atrav\u00e9s do site oficial:www.gpbrasil.com.br.<\/p>\n<p>Entre os setores ainda com ingressos dispon\u00edveis, o \u201cF\u201d, arquibancada coberta na Reta Oposta, oferece excelente vis\u00e3o da pista. Os setores \u201cG\u201d e \u201cQ\u201d, por sua vez, representam \u00e1reas distintas. O \u201cG\u201d, preferencialmente, \u00e9 dedicado \u00e0s torcidas organizadas da F\u00f3rmula 1 e grandes grupos enquanto o setor \u201cQ\u201d recebe torcedores que n\u00e3o pertencem a grupos fechados.<\/p>\n<p>Para quem j\u00e1 comprou seus ingressos com op\u00e7\u00e3o de retirada, os pedidos est\u00e3o dispon\u00edveis no local escolhido no momento da compra: Central de Atendimento do aut\u00f3dromo de Interlagos ou no Shopping Market Place.<\/p>\n<p>Fonte:https:\/\/www.gpbrasil.com.br\/pt-br\/noticia\/ingressos-acabando-para-o-gp-brasil-de-formul<\/p>\n<div class=\"masonry-item\">\n<div id=\"post-115\" class=\"blog-lg-area-left post-115 post type-post status-publish format-standard has-post-thumbnail hentry category-feiras-e-eventos\">\n<div class=\"media\">\n<div class=\"media-body\">\n<p>Fazer\u00a0<a href=\"https:\/\/vansexpress.com.br\/orcamento\">Or\u00e7amento<\/a>.\/ chamar pelo <a href=\"https:\/\/api.whatsapp.com\/send?phone=551141712128&amp;text=Ol%C3%A1!%20Clique%20no%20bot%C3%A3o%20ENVIAR%20acima%20para%20entrar%20em%20contato%20com%20a%20Vans%20Express%20para%20um%20or%C3%A7amento\">whatsApp<\/a>.<\/p>\n<\/div>\n<\/div>\n<\/div>\n<\/div>\n","protected":false},"excerpt":{"rendered":"<div class=\"slide-text-bg2\"><span>Depois do Setor \u201cM\u201d, agora \u00e9 a vez da arquibancada \u201cA\u201d esgotar os ingressos para o Formula 1 Grande Pr\u00eamio Heineken do Brasil 2018, em Interlagos<\/span><\/div>\n<div class=\"slide-btn-area-sm\"><a href=\"https:\/\/vansexpress.com.br\/blog\/2018\/11\/06\/ingressos-acabando-para-o-gp-brasil-de-formula-1\/\" class=\"slide-btn-sm\">Ler mais<\/a><\/div>\n","protected":false},"author":1,"featured_media":126,"comment_status":"open","ping_status":"open","sticky":false,"template":"","format":"standard","meta":{"jetpack_post_was_ever_published":false,"jetpack_publicize_message":"","jetpack_is_tweetstorm":false,"jetpack_publicize_feature_enabled":true},"categories":[4],"tags":[],"jetpack_publicize_connections":[],"jetpack_featured_media_url":"https:\/\/i0.wp.com\/vansexpress.com.br\/blog\/wp-content\/uploads\/2018\/11\/setor-a-fotobeto-issa-102-11-2018_14-45-421.jpg?fit=1000%2C1000&ssl=1","jetpack_sharing_enabled":true,"jetpack_shortlink":"https:\/\/wp.me\/palwHU-20","jetpack-related-posts":[{"id":136,"url":"https:\/\/vansexpress.com.br\/blog\/2018\/11\/22\/ed-sheeran-no-brasil-em-2019\/","url_meta":{"origin":124,"position":0},"title":"Ed Sheeran no Brasil em 2019","date":"22 de novembro de 2018","format":false,"excerpt":"Uma das maiores vozes do pop internacional vem ao Brasil para dois shows em fevereiro de 2019. O primeiro deles acontece em\u00a0S\u00e3o Paulo\u00a0nos dias\u00a013 e\u00a014 de fevereiro, quarta e quinta-feira, no\u00a0Allianz Parque, enquanto o segundo acontece em\u00a0Porto Alegre, no dia\u00a017 de fevereiro, na\u00a0Arena Gr\u00eamio. A apresenta\u00e7\u00e3o faz parte da turn\u00ea\u2026","rel":"","context":"Em &quot;Shows em S\u00e3o Paulo&quot;","img":{"alt_text":"","src":"https:\/\/i0.wp.com\/vansexpress.com.br\/blog\/wp-content\/uploads\/2018\/11\/blog.jpg?fit=1000%2C1000&ssl=1&resize=350%2C200","width":350,"height":200},"classes":[]},{"id":107,"url":"https:\/\/vansexpress.com.br\/blog\/2018\/10\/22\/ingressos-para-o-lollapalooza-2019-comecam-a-ser-vendidos-em-24-de-setembro-saiba-tudo\/","url_meta":{"origin":124,"position":1},"title":"Ingressos para o Lollapalooza 2019 come\u00e7am a ser vendidos em 24 de setembro; saiba tudo!","date":"22 de outubro de 2018","format":false,"excerpt":"A oitava edi\u00e7\u00e3o do\u00a0Lollapalooza Brasil\u00a0acontece em S\u00e3o Paulo nos dias\u00a05, 6 e 7 de abril de 2019, no\u00a0Aut\u00f3dromo de Interlagos, local das \u00faltimas edi\u00e7\u00f5es. Os valores dos\u00a0primeiros ingressos foram anunciados no dia 18 de setembro e variam entre\u00a0R$400,00\u00a0e\u00a0R$1560,00, dependendo do tipo de entrada escolhida. Fonte: https:\/\/www.guiadasemana.com.br\/shows\/noticia\/ingressos-para-o-lollapalooza-2019-comecam-a-ser-vendidos-em- setembro \u00a0 Fazer\u00a0Or\u00e7amento.","rel":"","context":"Em &quot;Shows em S\u00e3o Paulo&quot;","img":{"alt_text":"","src":"https:\/\/i0.wp.com\/vansexpress.com.br\/blog\/wp-content\/uploads\/2018\/10\/lollapalooza.jpg?fit=1000%2C1000&ssl=1&resize=350%2C200","width":350,"height":200},"classes":[]},{"id":65,"url":"https:\/\/vansexpress.com.br\/blog\/2018\/09\/27\/andrea-bocelli\/","url_meta":{"origin":124,"position":2},"title":"Andrea Bocelli","date":"27 de setembro de 2018","format":false,"excerpt":"Andrea Bocelli Andrea Bocelli inclui o Brasil em sua turn\u00ea de 2018, e celebrar\u00e1 60 anos de vida com seus f\u00e3s brasileiros. Os ingressos para as apresenta\u00e7\u00f5es em S\u00e3o Paulo, no\u00a0Allianz Parque em\u00a029 e 30 de setembro, j\u00e1 est\u00e3o \u00e0 venda. Apresenta\u00e7\u00f5es em Porto Alegre no dia 23 de setembro\u2026","rel":"","context":"Em &quot;Shows em S\u00e3o Paulo&quot;","img":{"alt_text":"","src":"https:\/\/i0.wp.com\/vansexpress.com.br\/blog\/wp-content\/uploads\/2018\/09\/destaque_306_BBwSNAwvml4a_original.png?fit=552%2C410&ssl=1&resize=350%2C200","width":350,"height":200},"classes":[]},{"id":139,"url":"https:\/\/vansexpress.com.br\/blog\/2018\/11\/26\/festival-prudence-fest-no-sambodromo-do-anhembi\/","url_meta":{"origin":124,"position":3},"title":"Festival Prudence Fest no Samb\u00f3dromo do Anhembi","date":"26 de novembro de 2018","format":false,"excerpt":"A\u00a0DKT International, uma organiza\u00e7\u00e3o sem fins lucrativos, promove no dia\u00a01\u00b0 de Dezembro,\u00a0Dia Mundial de Luta Contra a Aids, o\u00a0Prudence Fest, no\u00a0Samb\u00f3dromo do Anhembi. O Dia Mundial da Luta Contra a Aids \u00e9 uma data que tem como prop\u00f3sito refor\u00e7ar a solidariedade, toler\u00e3ncia e as informa\u00e7\u00f5es sobre a preven\u00e7\u00e3o a respeito\u2026","rel":"","context":"Em &quot;Shows em S\u00e3o Paulo&quot;","img":{"alt_text":"","src":"https:\/\/i0.wp.com\/vansexpress.com.br\/blog\/wp-content\/uploads\/2018\/11\/site.jpg?fit=1000%2C1000&ssl=1&resize=350%2C200","width":350,"height":200},"classes":[]},{"id":121,"url":"https:\/\/vansexpress.com.br\/blog\/2018\/10\/31\/pentacampeao-como-juan-manuel-fangio\/","url_meta":{"origin":124,"position":4},"title":"PENTACAMPE\u00c3O COMO JUAN MANUEL FANGIO","date":"31 de outubro de 2018","format":false,"excerpt":"Se o GP do M\u00e9xico n\u00e3o foi uma corrida empolgante \u2013 at\u00e9 a metade, os seis primeiros colocados na primeira volta n\u00e3o tinham mudado de posi\u00e7\u00e3o \u2013 a conquista do pentacampeonato mundial por Lewis Hamilton e a vit\u00f3ria de Max Verstappen compensaram.\u00a0 O quarto lugar assegurou o quinto t\u00edtulo de\u2026","rel":"","context":"Em &quot;Feiras e Eventos&quot;","img":{"alt_text":"","src":"https:\/\/i0.wp.com\/vansexpress.com.br\/blog\/wp-content\/uploads\/2018\/10\/m17829529-10-2018_11-06-41-1.jpg?fit=1000%2C1000&ssl=1&resize=350%2C200","width":350,"height":200},"classes":[]},{"id":111,"url":"https:\/\/vansexpress.com.br\/blog\/2018\/10\/24\/lewis-hamilton-absoluto-no-gp-do-japao\/","url_meta":{"origin":124,"position":5},"title":"LEWIS HAMILTON ABSOLUTO NO GP DO JAP\u00c3O","date":"24 de outubro de 2018","format":false,"excerpt":"Por Castilho de Andrade Ningu\u00e9m mais duvida \u2013 nem duvidava nas duas corridas passadas \u2013 que o pentacampeonato est\u00e1 chegando. O ingl\u00eas alcan\u00e7ar\u00e1 a marca de Juan Manuel Fangio e, depois, partir\u00e1 rumo aos sete t\u00edtulos de Michael Schumacher. O dom\u00ednio da Mercedes sobre a Ferrari n\u00e3o permite outro racioc\u00ednio.\u2026","rel":"","context":"Em &quot;Feiras e Eventos&quot;","img":{"alt_text":"","src":"https:\/\/i0.wp.com\/vansexpress.com.br\/blog\/wp-content\/uploads\/2018\/10\/1.jpg?fit=1125%2C1125&ssl=1&resize=350%2C200","width":350,"height":200},"classes":[]}],"_links":{"self":[{"href":"https:\/\/vansexpress.com.br\/blog\/wp-json\/wp\/v2\/posts\/124"}],"collection":[{"href":"https:\/\/vansexpress.com.br\/blog\/wp-json\/wp\/v2\/posts"}],"about":[{"href":"https:\/\/vansexpress.com.br\/blog\/wp-json\/wp\/v2\/types\/post"}],"author":[{"embeddable":true,"href":"https:\/\/vansexpress.com.br\/blog\/wp-json\/wp\/v2\/users\/1"}],"replies":[{"embeddable":true,"href":"https:\/\/vansexpress.com.br\/blog\/wp-json\/wp\/v2\/comments?post=124"}],"version-history":[{"count":1,"href":"https:\/\/vansexpress.com.br\/blog\/wp-json\/wp\/v2\/posts\/124\/revisions"}],"predecessor-version":[{"id":125,"href":"https:\/\/vansexpress.com.br\/blog\/wp-json\/wp\/v2\/posts\/124\/revisions\/125"}],"wp:featuredmedia":[{"embeddable":true,"href":"https:\/\/vansexpress.com.br\/blog\/wp-json\/wp\/v2\/media\/126"}],"wp:attachment":[{"href":"https:\/\/vansexpress.com.br\/blog\/wp-json\/wp\/v2\/media?parent=124"}],"wp:term":[{"taxonomy":"category","embeddable":true,"href":"https:\/\/vansexpress.com.br\/blog\/wp-json\/wp\/v2\/categories?post=124"},{"taxonomy":"post_tag","embeddable":true,"href":"https:\/\/vansexpress.com.br\/blog\/wp-json\/wp\/v2\/tags?post=124"}],"curies":[{"name":"wp","href":"https:\/\/api.w.org\/{rel}","templated":true}]}}