{"id":139,"date":"2018-11-26T10:10:05","date_gmt":"2018-11-26T12:10:05","guid":{"rendered":"http:\/\/vansexpress.com.br\/blog\/?p=139"},"modified":"2018-11-26T10:10:23","modified_gmt":"2018-11-26T12:10:23","slug":"festival-prudence-fest-no-sambodromo-do-anhembi","status":"publish","type":"post","link":"https:\/\/vansexpress.com.br\/blog\/2018\/11\/26\/festival-prudence-fest-no-sambodromo-do-anhembi\/","title":{"rendered":"Festival Prudence Fest no Samb\u00f3dromo do Anhembi"},"content":{"rendered":"<div class=\"Rounded20px fontBase fontSize14\">\n<div id=\"ConteudoEv\">\n<p>A\u00a0<strong>DKT International<\/strong>, uma organiza\u00e7\u00e3o sem fins lucrativos, promove no dia\u00a0<strong>1\u00b0 de Dezembro<\/strong>,\u00a0<strong>Dia Mundial de Luta Contra a Aids<\/strong>, o\u00a0<strong>Prudence Fest<\/strong>, no<strong>\u00a0Samb\u00f3dromo do Anhembi<\/strong>.<\/p>\n<p>O Dia Mundial da Luta Contra a Aids \u00e9 uma data que tem como prop\u00f3sito refor\u00e7ar a solidariedade, toler\u00e3ncia e as informa\u00e7\u00f5es sobre a preven\u00e7\u00e3o a respeito da Aids. A Prudence, uma marca da DKT International, sempre se mobilizou para que essa data seja not\u00f3ria. Em 2018, a marca invest no Prudence Fest, um festival de m\u00fasica direcionado para os jovens que tem a consci\u00eancia de que se proteger \u00e9 a melhor maneira de demonstrar amor a si mesmo e ao pr\u00f3ximo.<\/p>\n<p>No evento estar\u00e3o presentes:\u00a0<strong>JetLag Music, Claudia Leitte, Ludmilla, MC Kevinho, Felguk, Maiara &amp; Maraisa e Capital Inicial. Al\u00e9m dos DJs Kakko Villas, Cl\u00e1udio Jr e Leandro Bueno.\u00a0<\/strong><\/p>\n<p>A cada ingresso comprado, a Prudence vai doar 3 preservativos para projetos voltados a preven\u00e7\u00e3o de IST\u00b4s e Aids. Caso o p\u00fablico queira colaborar ainda mais com a Prudence \u00e9 s\u00f3 levar 1kg de alimento n\u00e3o perec\u00edvel no dia do evento. Para mais informa\u00e7\u00f5es acesse\u00a0www.prudencefest.com.br\u00a0ou\u00a0www.dkt.com.br\u00a0.<\/p>\n<p><strong>Servi\u00e7os<\/strong><\/p>\n<p><strong>Local:\u00a0<\/strong>Samb\u00f3dromo do Anhembi &#8211; Avenido Olavo Fontoura, 1209, Santana &#8211; S\u00e3o Paulo<\/p>\n<p><strong>Data e hor\u00e1rio:\u00a0<\/strong>01 de Dezembro, S\u00e1bado. Abertura dos port\u00f5es \u00e0s 16:00 e Previs\u00e3o de In\u00edcio \u00e0s 18:00.<\/p>\n<p>&nbsp;<\/p>\n<\/div>\n<p><strong>Categoria:<\/strong>\u00a0Shows<br \/>\n<strong>Pre\u00e7o:<\/strong><br \/>\nIngressos pelo site da Prudence Fest.<\/p>\n<p>Fonte:https:\/\/www.baressp.com.br\/shows\/festival-prudence-fest-no-sambodromo-do-anhembi<\/p>\n<div class=\"masonry-item\">\n<div id=\"post-103\" class=\"blog-lg-area-left post-103 post type-post status-publish format-standard has-post-thumbnail hentry category-shows-em-sao-paulo category-tour-em-sao-paulo\">\n<div class=\"media\">\n<div class=\"media-body\">\n<div>\n<p>Fazer\u00a0<a href=\"https:\/\/vansexpress.com.br\/orcamento\">Or\u00e7amento<\/a>.<\/p>\n<\/div>\n<\/div>\n<\/div>\n<\/div>\n<\/div>\n<\/div>\n","protected":false},"excerpt":{"rendered":"<div class=\"slide-text-bg2\"><span>A\u00a0DKT International, uma organiza\u00e7\u00e3o sem fins lucrativos, promove no dia\u00a01\u00b0 de Dezembro,\u00a0Dia Mundial de Luta Contra a Aids, o\u00a0Prudence Fest, no\u00a0Sam<\/span><\/div>\n<div class=\"slide-btn-area-sm\"><a href=\"https:\/\/vansexpress.com.br\/blog\/2018\/11\/26\/festival-prudence-fest-no-sambodromo-do-anhembi\/\" class=\"slide-btn-sm\">Ler mais<\/a><\/div>\n","protected":false},"author":1,"featured_media":140,"comment_status":"open","ping_status":"open","sticky":false,"template":"","format":"standard","meta":{"jetpack_post_was_ever_published":false,"jetpack_publicize_message":"","jetpack_is_tweetstorm":false,"jetpack_publicize_feature_enabled":true},"categories":[5],"tags":[],"jetpack_publicize_connections":[],"jetpack_featured_media_url":"https:\/\/i0.wp.com\/vansexpress.com.br\/blog\/wp-content\/uploads\/2018\/11\/site.jpg?fit=1000%2C1000&ssl=1","jetpack_sharing_enabled":true,"jetpack_shortlink":"https:\/\/wp.me\/palwHU-2f","jetpack-related-posts":[{"id":88,"url":"https:\/\/vansexpress.com.br\/blog\/2018\/10\/08\/sao-paulo-oktoberfest-2018\/","url_meta":{"origin":139,"position":0},"title":"S\u00e3o Paulo Oktoberfest 2018","date":"8 de outubro de 2018","format":false,"excerpt":"De\u00a028 de setembro a 14 de outubro, o\u00a0Pavilh\u00e3o do Anhembi\u00a0recebe a\u00a0Oktoberfest Fest S\u00e3o Paulo 2018, segunda edi\u00e7\u00e3o paulistana do evento que conquistou o p\u00fablico cervejeiro. Ser\u00e3o mais 70 op\u00e7\u00f5es de cervejas artesanais e mais de 60 op\u00e7\u00f5es gastron\u00f4micas para todos os gostos. Pre\u00e7o\u00a0R$22.00 a R$75.00 Data\u00a028 Set-14 Out Hor\u00e1rio(s)\u00a0Quintas e\u2026","rel":"","context":"Em &quot;Feiras e Eventos&quot;","img":{"alt_text":"","src":"https:\/\/i0.wp.com\/vansexpress.com.br\/blog\/wp-content\/uploads\/2018\/10\/S\u00e3o-Paulo-Oktoberfest-2018.jpg?fit=840%2C525&ssl=1&resize=350%2C200","width":350,"height":200},"classes":[]},{"id":111,"url":"https:\/\/vansexpress.com.br\/blog\/2018\/10\/24\/lewis-hamilton-absoluto-no-gp-do-japao\/","url_meta":{"origin":139,"position":1},"title":"LEWIS HAMILTON ABSOLUTO NO GP DO JAP\u00c3O","date":"24 de outubro de 2018","format":false,"excerpt":"Por Castilho de Andrade Ningu\u00e9m mais duvida \u2013 nem duvidava nas duas corridas passadas \u2013 que o pentacampeonato est\u00e1 chegando. O ingl\u00eas alcan\u00e7ar\u00e1 a marca de Juan Manuel Fangio e, depois, partir\u00e1 rumo aos sete t\u00edtulos de Michael Schumacher. O dom\u00ednio da Mercedes sobre a Ferrari n\u00e3o permite outro racioc\u00ednio.\u2026","rel":"","context":"Em &quot;Feiras e Eventos&quot;","img":{"alt_text":"","src":"https:\/\/i0.wp.com\/vansexpress.com.br\/blog\/wp-content\/uploads\/2018\/10\/1.jpg?fit=1125%2C1125&ssl=1&resize=350%2C200","width":350,"height":200},"classes":[]},{"id":121,"url":"https:\/\/vansexpress.com.br\/blog\/2018\/10\/31\/pentacampeao-como-juan-manuel-fangio\/","url_meta":{"origin":139,"position":2},"title":"PENTACAMPE\u00c3O COMO JUAN MANUEL FANGIO","date":"31 de outubro de 2018","format":false,"excerpt":"Se o GP do M\u00e9xico n\u00e3o foi uma corrida empolgante \u2013 at\u00e9 a metade, os seis primeiros colocados na primeira volta n\u00e3o tinham mudado de posi\u00e7\u00e3o \u2013 a conquista do pentacampeonato mundial por Lewis Hamilton e a vit\u00f3ria de Max Verstappen compensaram.\u00a0 O quarto lugar assegurou o quinto t\u00edtulo de\u2026","rel":"","context":"Em &quot;Feiras e Eventos&quot;","img":{"alt_text":"","src":"https:\/\/i0.wp.com\/vansexpress.com.br\/blog\/wp-content\/uploads\/2018\/10\/m17829529-10-2018_11-06-41-1.jpg?fit=1000%2C1000&ssl=1&resize=350%2C200","width":350,"height":200},"classes":[]},{"id":136,"url":"https:\/\/vansexpress.com.br\/blog\/2018\/11\/22\/ed-sheeran-no-brasil-em-2019\/","url_meta":{"origin":139,"position":3},"title":"Ed Sheeran no Brasil em 2019","date":"22 de novembro de 2018","format":false,"excerpt":"Uma das maiores vozes do pop internacional vem ao Brasil para dois shows em fevereiro de 2019. O primeiro deles acontece em\u00a0S\u00e3o Paulo\u00a0nos dias\u00a013 e\u00a014 de fevereiro, quarta e quinta-feira, no\u00a0Allianz Parque, enquanto o segundo acontece em\u00a0Porto Alegre, no dia\u00a017 de fevereiro, na\u00a0Arena Gr\u00eamio. A apresenta\u00e7\u00e3o faz parte da turn\u00ea\u2026","rel":"","context":"Em &quot;Shows em S\u00e3o Paulo&quot;","img":{"alt_text":"","src":"https:\/\/i0.wp.com\/vansexpress.com.br\/blog\/wp-content\/uploads\/2018\/11\/blog.jpg?fit=1000%2C1000&ssl=1&resize=350%2C200","width":350,"height":200},"classes":[]},{"id":94,"url":"https:\/\/vansexpress.com.br\/blog\/2018\/10\/10\/um-dia-na-broadway\/","url_meta":{"origin":139,"position":4},"title":"Um Dia na Broadway","date":"10 de outubro de 2018","format":false,"excerpt":"Um Dia na Broadway\u00a0fica em cartaz entre os dias\u00a05 e 28\u00a0de outubro,\u00a0no\u00a0Teatro Bradesco.\u00a0Depois de quase 15 anos encenando cl\u00e1ssicos do universo infantil, o diretor\u00a0m\u00fasico Billy Bond volta a montar espet\u00e1culos adultos. Para o espet\u00e1culo, Billy Bond aposta no encantamento dos brasileiros por Nova York. Ele acredita que o programa preferido\u2026","rel":"","context":"Em &quot;Shows em S\u00e3o Paulo&quot;","img":{"alt_text":"","src":"https:\/\/i0.wp.com\/vansexpress.com.br\/blog\/wp-content\/uploads\/2018\/10\/Foto-Henrique-Falci-Divulga\u00e7\u00e3o.jpg?fit=840%2C560&ssl=1&resize=350%2C200","width":350,"height":200},"classes":[]},{"id":127,"url":"https:\/\/vansexpress.com.br\/blog\/2018\/11\/08\/descubra-as-possiveis-atracoes-do-lollapalooza-2019\/","url_meta":{"origin":139,"position":5},"title":"Descubra as poss\u00edveis atra\u00e7\u00f5es do Lollapalooza 2019","date":"8 de novembro de 2018","format":false,"excerpt":"O\u00a0Lollapalooza Brasil 2019\u00a0acontece em\u00a0S\u00e3o Paulo\u00a0nos dias\u00a05, 6 e 7 de abril\u00a0e, ainda que as atra\u00e7\u00f5es n\u00e3o tenham sido anunciadas, n\u00f3s j\u00e1 podemos apostar em alguns nomes que indicam que voc\u00ea vai ter que dar uma passada pelo\u00a0Aut\u00f3dromo de Interlagos\u00a0no ano que vem. E adiantamos que metade deles j\u00e1 seria um\u2026","rel":"","context":"Em &quot;Shows em S\u00e3o Paulo&quot;","img":{"alt_text":"","src":"https:\/\/i0.wp.com\/vansexpress.com.br\/blog\/wp-content\/uploads\/2018\/11\/vans-express-no-lollapalooza.jpg?fit=1000%2C1000&ssl=1&resize=350%2C200","width":350,"height":200},"classes":[]}],"_links":{"self":[{"href":"https:\/\/vansexpress.com.br\/blog\/wp-json\/wp\/v2\/posts\/139"}],"collection":[{"href":"https:\/\/vansexpress.com.br\/blog\/wp-json\/wp\/v2\/posts"}],"about":[{"href":"https:\/\/vansexpress.com.br\/blog\/wp-json\/wp\/v2\/types\/post"}],"author":[{"embeddable":true,"href":"https:\/\/vansexpress.com.br\/blog\/wp-json\/wp\/v2\/users\/1"}],"replies":[{"embeddable":true,"href":"https:\/\/vansexpress.com.br\/blog\/wp-json\/wp\/v2\/comments?post=139"}],"version-history":[{"count":0,"href":"https:\/\/vansexpress.com.br\/blog\/wp-json\/wp\/v2\/posts\/139\/revisions"}],"wp:featuredmedia":[{"embeddable":true,"href":"https:\/\/vansexpress.com.br\/blog\/wp-json\/wp\/v2\/media\/140"}],"wp:attachment":[{"href":"https:\/\/vansexpress.com.br\/blog\/wp-json\/wp\/v2\/media?parent=139"}],"wp:term":[{"taxonomy":"category","embeddable":true,"href":"https:\/\/vansexpress.com.br\/blog\/wp-json\/wp\/v2\/categories?post=139"},{"taxonomy":"post_tag","embeddable":true,"href":"https:\/\/vansexpress.com.br\/blog\/wp-json\/wp\/v2\/tags?post=139"}],"curies":[{"name":"wp","href":"https:\/\/api.w.org\/{rel}","templated":true}]}}