{"id":59,"date":"2018-08-28T08:25:59","date_gmt":"2018-08-28T11:25:59","guid":{"rendered":"http:\/\/vansexpress.com.br\/blog\/?p=59"},"modified":"2018-08-28T08:25:59","modified_gmt":"2018-08-28T11:25:59","slug":"sandy-30-de-agosto-credicard-hall","status":"publish","type":"post","link":"https:\/\/vansexpress.com.br\/blog\/2018\/08\/28\/sandy-30-de-agosto-credicard-hall\/","title":{"rendered":"Sandy: 30 de agosto \/ Credicard Hall"},"content":{"rendered":"<p>Sandy estreia sua nova turn\u00ea, com repert\u00f3rio que apresenta m\u00fasicas de seu pr\u00f3ximo projeto, can\u00e7\u00f5es de sua carreira solo como &#8220;Me Espera&#8221; e &#8220;Morada&#8221; e releituras do per\u00edodo ao lado de seu irm\u00e3o, Junior Lima.<\/p>\n<p>N\u00f3s atendemos este Evento. Contrate a Vans Express e levamos voc\u00ea, seus Amigos e Familiares<\/p>\n","protected":false},"excerpt":{"rendered":"<div class=\"slide-text-bg2\"><span>Sandy estreia sua nova turn\u00ea, com repert\u00f3rio que apresenta m\u00fasicas de seu pr\u00f3ximo projeto, can\u00e7\u00f5es de sua carreira solo como &#8220;Me Espera&#8221; <\/span><\/div>\n<div class=\"slide-btn-area-sm\"><a href=\"https:\/\/vansexpress.com.br\/blog\/2018\/08\/28\/sandy-30-de-agosto-credicard-hall\/\" class=\"slide-btn-sm\">Ler mais<\/a><\/div>\n","protected":false},"author":1,"featured_media":0,"comment_status":"open","ping_status":"open","sticky":false,"template":"","format":"standard","meta":{"jetpack_post_was_ever_published":false,"jetpack_publicize_message":"","jetpack_is_tweetstorm":false,"jetpack_publicize_feature_enabled":true},"categories":[1],"tags":[],"jetpack_publicize_connections":[],"jetpack_featured_media_url":"","jetpack_sharing_enabled":true,"jetpack_shortlink":"https:\/\/wp.me\/palwHU-X","jetpack-related-posts":[{"id":136,"url":"https:\/\/vansexpress.com.br\/blog\/2018\/11\/22\/ed-sheeran-no-brasil-em-2019\/","url_meta":{"origin":59,"position":0},"title":"Ed Sheeran no Brasil em 2019","date":"22 de novembro de 2018","format":false,"excerpt":"Uma das maiores vozes do pop internacional vem ao Brasil para dois shows em fevereiro de 2019. O primeiro deles acontece em\u00a0S\u00e3o Paulo\u00a0nos dias\u00a013 e\u00a014 de fevereiro, quarta e quinta-feira, no\u00a0Allianz Parque, enquanto o segundo acontece em\u00a0Porto Alegre, no dia\u00a017 de fevereiro, na\u00a0Arena Gr\u00eamio. A apresenta\u00e7\u00e3o faz parte da turn\u00ea\u2026","rel":"","context":"Em &quot;Shows em S\u00e3o Paulo&quot;","img":{"alt_text":"","src":"https:\/\/i0.wp.com\/vansexpress.com.br\/blog\/wp-content\/uploads\/2018\/11\/blog.jpg?fit=1000%2C1000&ssl=1&resize=350%2C200","width":350,"height":200},"classes":[]},{"id":121,"url":"https:\/\/vansexpress.com.br\/blog\/2018\/10\/31\/pentacampeao-como-juan-manuel-fangio\/","url_meta":{"origin":59,"position":1},"title":"PENTACAMPE\u00c3O COMO JUAN MANUEL FANGIO","date":"31 de outubro de 2018","format":false,"excerpt":"Se o GP do M\u00e9xico n\u00e3o foi uma corrida empolgante \u2013 at\u00e9 a metade, os seis primeiros colocados na primeira volta n\u00e3o tinham mudado de posi\u00e7\u00e3o \u2013 a conquista do pentacampeonato mundial por Lewis Hamilton e a vit\u00f3ria de Max Verstappen compensaram.\u00a0 O quarto lugar assegurou o quinto t\u00edtulo de\u2026","rel":"","context":"Em &quot;Feiras e Eventos&quot;","img":{"alt_text":"","src":"https:\/\/i0.wp.com\/vansexpress.com.br\/blog\/wp-content\/uploads\/2018\/10\/m17829529-10-2018_11-06-41-1.jpg?fit=1000%2C1000&ssl=1&resize=350%2C200","width":350,"height":200},"classes":[]},{"id":65,"url":"https:\/\/vansexpress.com.br\/blog\/2018\/09\/27\/andrea-bocelli\/","url_meta":{"origin":59,"position":2},"title":"Andrea Bocelli","date":"27 de setembro de 2018","format":false,"excerpt":"Andrea Bocelli Andrea Bocelli inclui o Brasil em sua turn\u00ea de 2018, e celebrar\u00e1 60 anos de vida com seus f\u00e3s brasileiros. Os ingressos para as apresenta\u00e7\u00f5es em S\u00e3o Paulo, no\u00a0Allianz Parque em\u00a029 e 30 de setembro, j\u00e1 est\u00e3o \u00e0 venda. Apresenta\u00e7\u00f5es em Porto Alegre no dia 23 de setembro\u2026","rel":"","context":"Em &quot;Shows em S\u00e3o Paulo&quot;","img":{"alt_text":"","src":"https:\/\/i0.wp.com\/vansexpress.com.br\/blog\/wp-content\/uploads\/2018\/09\/destaque_306_BBwSNAwvml4a_original.png?fit=552%2C410&ssl=1&resize=350%2C200","width":350,"height":200},"classes":[]},{"id":127,"url":"https:\/\/vansexpress.com.br\/blog\/2018\/11\/08\/descubra-as-possiveis-atracoes-do-lollapalooza-2019\/","url_meta":{"origin":59,"position":3},"title":"Descubra as poss\u00edveis atra\u00e7\u00f5es do Lollapalooza 2019","date":"8 de novembro de 2018","format":false,"excerpt":"O\u00a0Lollapalooza Brasil 2019\u00a0acontece em\u00a0S\u00e3o Paulo\u00a0nos dias\u00a05, 6 e 7 de abril\u00a0e, ainda que as atra\u00e7\u00f5es n\u00e3o tenham sido anunciadas, n\u00f3s j\u00e1 podemos apostar em alguns nomes que indicam que voc\u00ea vai ter que dar uma passada pelo\u00a0Aut\u00f3dromo de Interlagos\u00a0no ano que vem. E adiantamos que metade deles j\u00e1 seria um\u2026","rel":"","context":"Em &quot;Shows em S\u00e3o Paulo&quot;","img":{"alt_text":"","src":"https:\/\/i0.wp.com\/vansexpress.com.br\/blog\/wp-content\/uploads\/2018\/11\/vans-express-no-lollapalooza.jpg?fit=1000%2C1000&ssl=1&resize=350%2C200","width":350,"height":200},"classes":[]},{"id":75,"url":"https:\/\/vansexpress.com.br\/blog\/2018\/10\/03\/anitta-show-das-poderosinhas\/","url_meta":{"origin":59,"position":4},"title":"ANITTA  SHOW DAS PODEROSINHAS","date":"3 de outubro de 2018","format":false,"excerpt":"ANITTA - SHOW DAS PODEROSINHAS CREDICARD HALL - SP Para celebrar o Dia das Crian\u00e7as,Anitta\u00a0apresenta o\u00a0\u201cShow das Poderosinhas\u201d. Maior representante do cen\u00e1rio pop brasileiro na atualidade, a cantora Anitta tamb\u00e9m agrada o p\u00fablico infantil. E no dia\u00a013 de outubro, em homenagem \u00e0s crian\u00e7as, retorna ao Credicard Hall com seu j\u00e1\u2026","rel":"","context":"Em &quot;Shows em S\u00e3o Paulo&quot;","img":{"alt_text":"","src":"https:\/\/i0.wp.com\/vansexpress.com.br\/blog\/wp-content\/uploads\/2018\/10\/sfx10372.png?fit=1007%2C308&ssl=1&resize=350%2C200","width":350,"height":200},"classes":[]},{"id":94,"url":"https:\/\/vansexpress.com.br\/blog\/2018\/10\/10\/um-dia-na-broadway\/","url_meta":{"origin":59,"position":5},"title":"Um Dia na Broadway","date":"10 de outubro de 2018","format":false,"excerpt":"Um Dia na Broadway\u00a0fica em cartaz entre os dias\u00a05 e 28\u00a0de outubro,\u00a0no\u00a0Teatro Bradesco.\u00a0Depois de quase 15 anos encenando cl\u00e1ssicos do universo infantil, o diretor\u00a0m\u00fasico Billy Bond volta a montar espet\u00e1culos adultos. Para o espet\u00e1culo, Billy Bond aposta no encantamento dos brasileiros por Nova York. Ele acredita que o programa preferido\u2026","rel":"","context":"Em &quot;Shows em S\u00e3o Paulo&quot;","img":{"alt_text":"","src":"https:\/\/i0.wp.com\/vansexpress.com.br\/blog\/wp-content\/uploads\/2018\/10\/Foto-Henrique-Falci-Divulga\u00e7\u00e3o.jpg?fit=840%2C560&ssl=1&resize=350%2C200","width":350,"height":200},"classes":[]}],"_links":{"self":[{"href":"https:\/\/vansexpress.com.br\/blog\/wp-json\/wp\/v2\/posts\/59"}],"collection":[{"href":"https:\/\/vansexpress.com.br\/blog\/wp-json\/wp\/v2\/posts"}],"about":[{"href":"https:\/\/vansexpress.com.br\/blog\/wp-json\/wp\/v2\/types\/post"}],"author":[{"embeddable":true,"href":"https:\/\/vansexpress.com.br\/blog\/wp-json\/wp\/v2\/users\/1"}],"replies":[{"embeddable":true,"href":"https:\/\/vansexpress.com.br\/blog\/wp-json\/wp\/v2\/comments?post=59"}],"version-history":[{"count":1,"href":"https:\/\/vansexpress.com.br\/blog\/wp-json\/wp\/v2\/posts\/59\/revisions"}],"predecessor-version":[{"id":60,"href":"https:\/\/vansexpress.com.br\/blog\/wp-json\/wp\/v2\/posts\/59\/revisions\/60"}],"wp:attachment":[{"href":"https:\/\/vansexpress.com.br\/blog\/wp-json\/wp\/v2\/media?parent=59"}],"wp:term":[{"taxonomy":"category","embeddable":true,"href":"https:\/\/vansexpress.com.br\/blog\/wp-json\/wp\/v2\/categories?post=59"},{"taxonomy":"post_tag","embeddable":true,"href":"https:\/\/vansexpress.com.br\/blog\/wp-json\/wp\/v2\/tags?post=59"}],"curies":[{"name":"wp","href":"https:\/\/api.w.org\/{rel}","templated":true}]}}