{"id":75,"date":"2018-10-03T13:00:06","date_gmt":"2018-10-03T16:00:06","guid":{"rendered":"http:\/\/vansexpress.com.br\/blog\/?p=75"},"modified":"2018-10-03T18:57:45","modified_gmt":"2018-10-03T21:57:45","slug":"anitta-show-das-poderosinhas","status":"publish","type":"post","link":"https:\/\/vansexpress.com.br\/blog\/2018\/10\/03\/anitta-show-das-poderosinhas\/","title":{"rendered":"ANITTA  SHOW DAS PODEROSINHAS"},"content":{"rendered":"<p>ANITTA &#8211; SHOW DAS PODEROSINHAS<br \/>\nCREDICARD HALL &#8211; SP<br \/>\nPara celebrar o Dia das Crian\u00e7as,<strong>Anitta<\/strong>\u00a0apresenta o\u00a0<strong>\u201cShow das Poderosinhas\u201d<\/strong>.<br \/>\nMaior representante do cen\u00e1rio pop brasileiro na atualidade, a cantora Anitta tamb\u00e9m agrada o p\u00fablico infantil. E no dia\u00a0<strong>13 de outubro<\/strong>, em homenagem \u00e0s crian\u00e7as, retorna ao Credicard Hall com seu j\u00e1 consagrado Show das Poderosinhas.<\/p>\n<p>Fonte:https:\/\/www.eventbrite.com.br\/e\/anitta-show-das-poderosinhas-tickets-50146209663<\/p>\n<p>Fazer\u00a0<a href=\"https:\/\/vansexpress.com.br\/orcamento\">Or\u00e7amento<\/a>.<\/p>\n<p>#vansexpress<br \/>\n#vansexpresslevavoce<br \/>\n#vamosdevansexpress<\/p>\n<p>&nbsp;<\/p>\n","protected":false},"excerpt":{"rendered":"<div class=\"slide-text-bg2\"><span>ANITTA &#8211; SHOW DAS PODEROSINHAS CREDICARD HALL &#8211; SP Para celebrar o Dia das Crian\u00e7as,Anitta\u00a0apresenta o\u00a0\u201cShow das Poderosinhas\u201d. Maior re<\/span><\/div>\n<div class=\"slide-btn-area-sm\"><a href=\"https:\/\/vansexpress.com.br\/blog\/2018\/10\/03\/anitta-show-das-poderosinhas\/\" class=\"slide-btn-sm\">Ler mais<\/a><\/div>\n","protected":false},"author":1,"featured_media":76,"comment_status":"open","ping_status":"open","sticky":false,"template":"","format":"standard","meta":{"jetpack_post_was_ever_published":false,"jetpack_publicize_message":"","jetpack_is_tweetstorm":false,"jetpack_publicize_feature_enabled":true},"categories":[5],"tags":[],"jetpack_publicize_connections":[],"jetpack_featured_media_url":"https:\/\/i0.wp.com\/vansexpress.com.br\/blog\/wp-content\/uploads\/2018\/10\/sfx10372.png?fit=1007%2C308&ssl=1","jetpack_sharing_enabled":true,"jetpack_shortlink":"https:\/\/wp.me\/palwHU-1d","jetpack-related-posts":[{"id":65,"url":"https:\/\/vansexpress.com.br\/blog\/2018\/09\/27\/andrea-bocelli\/","url_meta":{"origin":75,"position":0},"title":"Andrea Bocelli","date":"27 de setembro de 2018","format":false,"excerpt":"Andrea Bocelli Andrea Bocelli inclui o Brasil em sua turn\u00ea de 2018, e celebrar\u00e1 60 anos de vida com seus f\u00e3s brasileiros. Os ingressos para as apresenta\u00e7\u00f5es em S\u00e3o Paulo, no\u00a0Allianz Parque em\u00a029 e 30 de setembro, j\u00e1 est\u00e3o \u00e0 venda. Apresenta\u00e7\u00f5es em Porto Alegre no dia 23 de setembro\u2026","rel":"","context":"Em &quot;Shows em S\u00e3o Paulo&quot;","img":{"alt_text":"","src":"https:\/\/i0.wp.com\/vansexpress.com.br\/blog\/wp-content\/uploads\/2018\/09\/destaque_306_BBwSNAwvml4a_original.png?fit=552%2C410&ssl=1&resize=350%2C200","width":350,"height":200},"classes":[]},{"id":136,"url":"https:\/\/vansexpress.com.br\/blog\/2018\/11\/22\/ed-sheeran-no-brasil-em-2019\/","url_meta":{"origin":75,"position":1},"title":"Ed Sheeran no Brasil em 2019","date":"22 de novembro de 2018","format":false,"excerpt":"Uma das maiores vozes do pop internacional vem ao Brasil para dois shows em fevereiro de 2019. O primeiro deles acontece em\u00a0S\u00e3o Paulo\u00a0nos dias\u00a013 e\u00a014 de fevereiro, quarta e quinta-feira, no\u00a0Allianz Parque, enquanto o segundo acontece em\u00a0Porto Alegre, no dia\u00a017 de fevereiro, na\u00a0Arena Gr\u00eamio. A apresenta\u00e7\u00e3o faz parte da turn\u00ea\u2026","rel":"","context":"Em &quot;Shows em S\u00e3o Paulo&quot;","img":{"alt_text":"","src":"https:\/\/i0.wp.com\/vansexpress.com.br\/blog\/wp-content\/uploads\/2018\/11\/blog.jpg?fit=1000%2C1000&ssl=1&resize=350%2C200","width":350,"height":200},"classes":[]},{"id":107,"url":"https:\/\/vansexpress.com.br\/blog\/2018\/10\/22\/ingressos-para-o-lollapalooza-2019-comecam-a-ser-vendidos-em-24-de-setembro-saiba-tudo\/","url_meta":{"origin":75,"position":2},"title":"Ingressos para o Lollapalooza 2019 come\u00e7am a ser vendidos em 24 de setembro; saiba tudo!","date":"22 de outubro de 2018","format":false,"excerpt":"A oitava edi\u00e7\u00e3o do\u00a0Lollapalooza Brasil\u00a0acontece em S\u00e3o Paulo nos dias\u00a05, 6 e 7 de abril de 2019, no\u00a0Aut\u00f3dromo de Interlagos, local das \u00faltimas edi\u00e7\u00f5es. Os valores dos\u00a0primeiros ingressos foram anunciados no dia 18 de setembro e variam entre\u00a0R$400,00\u00a0e\u00a0R$1560,00, dependendo do tipo de entrada escolhida. Fonte: https:\/\/www.guiadasemana.com.br\/shows\/noticia\/ingressos-para-o-lollapalooza-2019-comecam-a-ser-vendidos-em- setembro \u00a0 Fazer\u00a0Or\u00e7amento.","rel":"","context":"Em &quot;Shows em S\u00e3o Paulo&quot;","img":{"alt_text":"","src":"https:\/\/i0.wp.com\/vansexpress.com.br\/blog\/wp-content\/uploads\/2018\/10\/lollapalooza.jpg?fit=1000%2C1000&ssl=1&resize=350%2C200","width":350,"height":200},"classes":[]},{"id":149,"url":"https:\/\/vansexpress.com.br\/blog\/2018\/12\/12\/la-la-land-in-concert-16-e-17-de-dezembro\/","url_meta":{"origin":75,"position":3},"title":"LA LA LAND IN CONCERT 16 e 17 de Dezembro","date":"12 de dezembro de 2018","format":false,"excerpt":"DATA EXTRA, devido ao grande sucesso de vendas! \u2022\u00a017 de dezembro de 2018 (segunda) 19h00 \u2013 Abertura da casa 21h00 \u2013 In\u00edcio do show \u2022\u00a016 de dezembro de 2018 (domingo) 18h00 \u2013 Abertura da casa 19h30 \u2013 In\u00edcio do show Classifica\u00e7\u00e3o: 12 anos Local: Espa\u00e7o das Am\u00e9ricas Endere\u00e7o: Rua Tagipur\u00fa,\u2026","rel":"","context":"Em &quot;Shows em S\u00e3o Paulo&quot;","img":{"alt_text":"","src":"https:\/\/i0.wp.com\/vansexpress.com.br\/blog\/wp-content\/uploads\/2018\/12\/lalaland-site-1.jpg?fit=1000%2C1000&ssl=1&resize=350%2C200","width":350,"height":200},"classes":[]},{"id":72,"url":"https:\/\/vansexpress.com.br\/blog\/2018\/10\/03\/maiara-maraisa-gravacao-do-dvd-reflexo\/","url_meta":{"origin":75,"position":4},"title":"MAIARA &#038; MARA\u00cdSA Grava\u00e7\u00e3o do DVD \u201cReflexo\u201d","date":"3 de outubro de 2018","format":false,"excerpt":"\u2022\u00a009 de Outubro de 2018 (ter\u00e7a-feira) 19h30 \u2013 Abertura da casa 21h00 \u2013 In\u00edcio do show Classifica\u00e7\u00e3o: 16 anos Valores e vendas on-line:https:\/\/www.ticket360.com.br\/evento\/9523\/maiara-&-maraisa-gravacao-de-dvdBILHETERIA OFICIAL SEM taxa de conveni\u00eancia Espa\u00e7o das Am\u00e9ricas \u2013 Ticket360 Funcionamento: de segunda a s\u00e1bado, das 10h00 \u00e0s 19h00. Formas de pagamento: dinheiro, cart\u00f5es de cr\u00e9dito e\u2026","rel":"","context":"Em &quot;Shows em S\u00e3o Paulo&quot;","img":{"alt_text":"","src":"https:\/\/i0.wp.com\/vansexpress.com.br\/blog\/wp-content\/uploads\/2018\/10\/488.jpg?fit=640%2C385&ssl=1&resize=350%2C200","width":350,"height":200},"classes":[]},{"id":55,"url":"https:\/\/vansexpress.com.br\/blog\/2018\/08\/27\/festa-de-nossa-senhora-de-achiropita-2018\/","url_meta":{"origin":75,"position":5},"title":"Festa de Nossa Senhora de Achiropita &#8211; 2018","date":"27 de agosto de 2018","format":false,"excerpt":"Data: 04\/08\/18 at\u00e9 12\/09\/18 Local: Par\u00f3quia Nossa Senhora Achiropita, Rua 13 de Maio, 478, Bela Vista, Bixiga Cidade: S\u00e3o Paulo - SP Hor\u00e1rio: S\u00e1bados, das 18h a meia noite, e domingos, das 17h30 \u00e0s 22h30 A mais tradicional que a Festa da Achiropita n\u00e3o h\u00e1, e isso fica \u00f3bvio ao\u2026","rel":"","context":"Em &quot;Tour em S\u00e3o Paulo&quot;","img":{"alt_text":"","src":"","width":0,"height":0},"classes":[]}],"_links":{"self":[{"href":"https:\/\/vansexpress.com.br\/blog\/wp-json\/wp\/v2\/posts\/75"}],"collection":[{"href":"https:\/\/vansexpress.com.br\/blog\/wp-json\/wp\/v2\/posts"}],"about":[{"href":"https:\/\/vansexpress.com.br\/blog\/wp-json\/wp\/v2\/types\/post"}],"author":[{"embeddable":true,"href":"https:\/\/vansexpress.com.br\/blog\/wp-json\/wp\/v2\/users\/1"}],"replies":[{"embeddable":true,"href":"https:\/\/vansexpress.com.br\/blog\/wp-json\/wp\/v2\/comments?post=75"}],"version-history":[{"count":3,"href":"https:\/\/vansexpress.com.br\/blog\/wp-json\/wp\/v2\/posts\/75\/revisions"}],"predecessor-version":[{"id":83,"href":"https:\/\/vansexpress.com.br\/blog\/wp-json\/wp\/v2\/posts\/75\/revisions\/83"}],"wp:featuredmedia":[{"embeddable":true,"href":"https:\/\/vansexpress.com.br\/blog\/wp-json\/wp\/v2\/media\/76"}],"wp:attachment":[{"href":"https:\/\/vansexpress.com.br\/blog\/wp-json\/wp\/v2\/media?parent=75"}],"wp:term":[{"taxonomy":"category","embeddable":true,"href":"https:\/\/vansexpress.com.br\/blog\/wp-json\/wp\/v2\/categories?post=75"},{"taxonomy":"post_tag","embeddable":true,"href":"https:\/\/vansexpress.com.br\/blog\/wp-json\/wp\/v2\/tags?post=75"}],"curies":[{"name":"wp","href":"https:\/\/api.w.org\/{rel}","templated":true}]}}