{"id":88,"date":"2018-10-08T09:04:03","date_gmt":"2018-10-08T12:04:03","guid":{"rendered":"http:\/\/vansexpress.com.br\/blog\/?p=88"},"modified":"2018-10-08T09:04:03","modified_gmt":"2018-10-08T12:04:03","slug":"sao-paulo-oktoberfest-2018","status":"publish","type":"post","link":"https:\/\/vansexpress.com.br\/blog\/2018\/10\/08\/sao-paulo-oktoberfest-2018\/","title":{"rendered":"S\u00e3o Paulo Oktoberfest 2018"},"content":{"rendered":"<p>De\u00a0<strong>28 de setembro a 14 de outubro<\/strong>, o\u00a0<strong>Pavilh\u00e3o do Anhembi\u00a0<\/strong>recebe a\u00a0<strong>Oktoberfest Fest S\u00e3o Paulo 2018<\/strong>, segunda edi\u00e7\u00e3o paulistana do evento que conquistou o p\u00fablico cervejeiro. Ser\u00e3o mais 70 op\u00e7\u00f5es de cervejas artesanais e mais de 60 op\u00e7\u00f5es gastron\u00f4micas para todos os gostos.<\/p>\n<div class=\"dotted-border-bottom\">\n<p><strong>Pre\u00e7o\u00a0<\/strong>R$22.00 a R$75.00<\/p>\n<\/div>\n<div class=\"dotted-border-bottom\">\n<p><strong>Data<\/strong>\u00a028 Set-14 Out<\/p>\n<p><strong>Hor\u00e1rio(s)<\/strong>\u00a0Quintas e sextas, \u00e0s 17h | S\u00e1bados e Domingos, \u00e0s 13h<\/p>\n<p>&nbsp;<\/p>\n<\/div>\n<p>Fonte:https:\/\/www.guiadasemana.com.br\/sao-paulo\/na-cidade\/evento\/oktoberfest-sao-paulo-2018-pavilhao-de-exposicoes-do-anhembi-28-09-2018<\/p>\n<p>&nbsp;<\/p>\n<p>Fazer <a href=\"https:\/\/vansexpress.com.br\/orcamento\">Or\u00e7amento.<\/a><\/p>\n","protected":false},"excerpt":{"rendered":"<div class=\"slide-text-bg2\"><span>De\u00a028 de setembro a 14 de outubro, o\u00a0Pavilh\u00e3o do Anhembi\u00a0recebe a\u00a0Oktoberfest Fest S\u00e3o Paulo 2018, segunda edi\u00e7\u00e3o paulistana do evento que conquist<\/span><\/div>\n<div class=\"slide-btn-area-sm\"><a href=\"https:\/\/vansexpress.com.br\/blog\/2018\/10\/08\/sao-paulo-oktoberfest-2018\/\" class=\"slide-btn-sm\">Ler mais<\/a><\/div>\n","protected":false},"author":1,"featured_media":89,"comment_status":"open","ping_status":"open","sticky":false,"template":"","format":"standard","meta":{"jetpack_post_was_ever_published":false,"jetpack_publicize_message":"","jetpack_is_tweetstorm":false,"jetpack_publicize_feature_enabled":true},"categories":[4,1],"tags":[],"jetpack_publicize_connections":[],"jetpack_featured_media_url":"https:\/\/i0.wp.com\/vansexpress.com.br\/blog\/wp-content\/uploads\/2018\/10\/S\u00e3o-Paulo-Oktoberfest-2018.jpg?fit=840%2C525&ssl=1","jetpack_sharing_enabled":true,"jetpack_shortlink":"https:\/\/wp.me\/palwHU-1q","jetpack-related-posts":[{"id":139,"url":"https:\/\/vansexpress.com.br\/blog\/2018\/11\/26\/festival-prudence-fest-no-sambodromo-do-anhembi\/","url_meta":{"origin":88,"position":0},"title":"Festival Prudence Fest no Samb\u00f3dromo do Anhembi","date":"26 de novembro de 2018","format":false,"excerpt":"A\u00a0DKT International, uma organiza\u00e7\u00e3o sem fins lucrativos, promove no dia\u00a01\u00b0 de Dezembro,\u00a0Dia Mundial de Luta Contra a Aids, o\u00a0Prudence Fest, no\u00a0Samb\u00f3dromo do Anhembi. O Dia Mundial da Luta Contra a Aids \u00e9 uma data que tem como prop\u00f3sito refor\u00e7ar a solidariedade, toler\u00e3ncia e as informa\u00e7\u00f5es sobre a preven\u00e7\u00e3o a respeito\u2026","rel":"","context":"Em &quot;Shows em S\u00e3o Paulo&quot;","img":{"alt_text":"","src":"https:\/\/i0.wp.com\/vansexpress.com.br\/blog\/wp-content\/uploads\/2018\/11\/site.jpg?fit=1000%2C1000&ssl=1&resize=350%2C200","width":350,"height":200},"classes":[]},{"id":103,"url":"https:\/\/vansexpress.com.br\/blog\/2018\/10\/17\/xande-de-pilares-em-maria-zelia-sao-paulo-sp\/","url_meta":{"origin":88,"position":1},"title":"XANDE DE PILARES EM MARIA Z\u00c9LIA  S\u00c3O PAULO &#8211; SP","date":"17 de outubro de 2018","format":false,"excerpt":"Data do evento:\u00a028\/10\/2018\u00a0\u00a0 Abertura dos Port\u00f5es:\u00a014:00 h\u00a0\u00a0 Local:\u00a0Maria Z\u00e9lia\u00a0\u00a0 Cidade \/ Estado:\u00a0S\u00e3o Paulo \/ SP\u00a0\u00a0 Censura:\u00a0Livre\u00a0\u00a0 Fonte:https:\/\/www.tkingressos.com.br\/xande-de-pilares-dia-28-10-abertura-14-00h-sao-paulo-sp Fazer\u00a0Or\u00e7amento.","rel":"","context":"Em &quot;Shows em S\u00e3o Paulo&quot;","img":{"alt_text":"","src":"https:\/\/i0.wp.com\/vansexpress.com.br\/blog\/wp-content\/uploads\/2018\/10\/shwo.jpg?fit=1200%2C1200&ssl=1&resize=350%2C200","width":350,"height":200},"classes":[]},{"id":94,"url":"https:\/\/vansexpress.com.br\/blog\/2018\/10\/10\/um-dia-na-broadway\/","url_meta":{"origin":88,"position":2},"title":"Um Dia na Broadway","date":"10 de outubro de 2018","format":false,"excerpt":"Um Dia na Broadway\u00a0fica em cartaz entre os dias\u00a05 e 28\u00a0de outubro,\u00a0no\u00a0Teatro Bradesco.\u00a0Depois de quase 15 anos encenando cl\u00e1ssicos do universo infantil, o diretor\u00a0m\u00fasico Billy Bond volta a montar espet\u00e1culos adultos. Para o espet\u00e1culo, Billy Bond aposta no encantamento dos brasileiros por Nova York. Ele acredita que o programa preferido\u2026","rel":"","context":"Em &quot;Shows em S\u00e3o Paulo&quot;","img":{"alt_text":"","src":"https:\/\/i0.wp.com\/vansexpress.com.br\/blog\/wp-content\/uploads\/2018\/10\/Foto-Henrique-Falci-Divulga\u00e7\u00e3o.jpg?fit=840%2C560&ssl=1&resize=350%2C200","width":350,"height":200},"classes":[]},{"id":65,"url":"https:\/\/vansexpress.com.br\/blog\/2018\/09\/27\/andrea-bocelli\/","url_meta":{"origin":88,"position":3},"title":"Andrea Bocelli","date":"27 de setembro de 2018","format":false,"excerpt":"Andrea Bocelli Andrea Bocelli inclui o Brasil em sua turn\u00ea de 2018, e celebrar\u00e1 60 anos de vida com seus f\u00e3s brasileiros. Os ingressos para as apresenta\u00e7\u00f5es em S\u00e3o Paulo, no\u00a0Allianz Parque em\u00a029 e 30 de setembro, j\u00e1 est\u00e3o \u00e0 venda. Apresenta\u00e7\u00f5es em Porto Alegre no dia 23 de setembro\u2026","rel":"","context":"Em &quot;Shows em S\u00e3o Paulo&quot;","img":{"alt_text":"","src":"https:\/\/i0.wp.com\/vansexpress.com.br\/blog\/wp-content\/uploads\/2018\/09\/destaque_306_BBwSNAwvml4a_original.png?fit=552%2C410&ssl=1&resize=350%2C200","width":350,"height":200},"classes":[]},{"id":57,"url":"https:\/\/vansexpress.com.br\/blog\/2018\/08\/28\/19a-ihrsa-fitness-brasil-2018\/","url_meta":{"origin":88,"position":4},"title":"19\u00aa IHRSA \/ Fitness Brasil -2018","date":"28 de agosto de 2018","format":false,"excerpt":"Data: 30\/08\/18 at\u00e9 01\/09\/18 Local: Transam\u00e9rica Expo Center Cidade: S\u00e3o Paulo - SP Latin American Conference & Trade Show Maior encontro de neg\u00f3cios em fitness e bem-estar da Am\u00e9rica Latina, este evento \u00e9 destinado aos propriet\u00e1rios, gerentes e coordenadores de academias, spas, clubes e hot\u00e9is, al\u00e9m de investidores, empres\u00e1rios e\u2026","rel":"","context":"Em &quot;Tour em S\u00e3o Paulo&quot;","img":{"alt_text":"","src":"","width":0,"height":0},"classes":[]},{"id":154,"url":"https:\/\/vansexpress.com.br\/blog\/2018\/12\/20\/luan-santana-no-teatro-bradesco\/","url_meta":{"origin":88,"position":5},"title":"LUAN SANTANA NO TEATRO BRADESCO","date":"20 de dezembro de 2018","format":false,"excerpt":"No dia\u00a027 de dezembro,\u00a0Luan Santana\u00a0apresenta o show da turn\u00ea \u201cLive-M\u00f3vel X\u201d no palco do\u00a0Teatro Bradesco, em S\u00e3o Paulo. No repert\u00f3rio, m\u00fasicas como \u201cTudo que voc\u00ea quiser\u201d, \u201cAmar n\u00e3o \u00e9 pecado\u201d, \u201cTe esperando\u201d, \u201cC\u00ea topa\u201d, \u201cChuva de arroz\u201d, al\u00e9m dos seus novos\u00a0hits\u00a0\u201cVingan\u00e7a\u201d, \u201cFantasma\u201d, \u201cAcordando o pr\u00e9dio\u201d, entre outras, prometem fazer os\u2026","rel":"","context":"Em &quot;Shows em S\u00e3o Paulo&quot;","img":{"alt_text":"","src":"https:\/\/i0.wp.com\/vansexpress.com.br\/blog\/wp-content\/uploads\/2018\/12\/luan-santana-1.jpg?fit=807%2C491&ssl=1&resize=350%2C200","width":350,"height":200},"classes":[]}],"_links":{"self":[{"href":"https:\/\/vansexpress.com.br\/blog\/wp-json\/wp\/v2\/posts\/88"}],"collection":[{"href":"https:\/\/vansexpress.com.br\/blog\/wp-json\/wp\/v2\/posts"}],"about":[{"href":"https:\/\/vansexpress.com.br\/blog\/wp-json\/wp\/v2\/types\/post"}],"author":[{"embeddable":true,"href":"https:\/\/vansexpress.com.br\/blog\/wp-json\/wp\/v2\/users\/1"}],"replies":[{"embeddable":true,"href":"https:\/\/vansexpress.com.br\/blog\/wp-json\/wp\/v2\/comments?post=88"}],"version-history":[{"count":1,"href":"https:\/\/vansexpress.com.br\/blog\/wp-json\/wp\/v2\/posts\/88\/revisions"}],"predecessor-version":[{"id":90,"href":"https:\/\/vansexpress.com.br\/blog\/wp-json\/wp\/v2\/posts\/88\/revisions\/90"}],"wp:featuredmedia":[{"embeddable":true,"href":"https:\/\/vansexpress.com.br\/blog\/wp-json\/wp\/v2\/media\/89"}],"wp:attachment":[{"href":"https:\/\/vansexpress.com.br\/blog\/wp-json\/wp\/v2\/media?parent=88"}],"wp:term":[{"taxonomy":"category","embeddable":true,"href":"https:\/\/vansexpress.com.br\/blog\/wp-json\/wp\/v2\/categories?post=88"},{"taxonomy":"post_tag","embeddable":true,"href":"https:\/\/vansexpress.com.br\/blog\/wp-json\/wp\/v2\/tags?post=88"}],"curies":[{"name":"wp","href":"https:\/\/api.w.org\/{rel}","templated":true}]}}